{"id":267,"date":"2024-05-09T12:52:45","date_gmt":"2024-05-09T17:52:45","guid":{"rendered":"https:\/\/pedagogiecsstl.ca\/environnement\/?p=267"},"modified":"2024-05-09T12:52:45","modified_gmt":"2024-05-09T17:52:45","slug":"chauffage-et-refroidissement-passifs","status":"publish","type":"post","link":"https:\/\/pedagogiecsstl.ca\/environnement\/chauffage-et-refroidissement-passifs\/","title":{"rendered":"Chauffage et refroidissement passifs"},"content":{"rendered":"\n<p>Par Delphine Villeneuve et Myranda Lachance (2024)<\/p>\n\n\n\n<p>L&rsquo;\u00e9lectricit\u00e9! C&rsquo;est l&rsquo;une des plus grosses d\u00e9penses dans le budget de maison, on est d&rsquo;accord ? On essaie tous de r\u00e9duire notre consommation pour diminuer les factures. Mais tout ce que l&rsquo;on veut, c&rsquo;est d&rsquo;en avoir assez pour notre consommation et nos besoins personnels, sans trop d\u00e9penser. Les besoins \u00e9nerg\u00e9tiques (chauffages, climatisation, etc.) repr\u00e9sentent 44% des d\u00e9penses dans une maison.<\/p>\n\n\n\n<p>La production d&rsquo;\u00e9lectricit\u00e9 est l&rsquo;une des plus grandes sources de pollution pour la plan\u00e8te. Les centrales au charbon, au p\u00e9trole, au gaz naturel, qui consomment des combustibles fossiles, ainsi que la centrale nucl\u00e9aire, sont toutes utilis\u00e9es pour produire de l&rsquo;\u00e9lectricit\u00e9 et chacune cause du tort \u00e0 sa fa\u00e7on \u00e0 la plan\u00e8te. La plupart de ces centrales g\u00e9n\u00e8rent des particules de gaz polluants nocifs pour notre sant\u00e9. Il y a d\u00e9gagement, entre autres, de dioxyde de soufre, d&rsquo;oxydes d&rsquo;azote, de particules ou de poussi\u00e8res en suspension (PM), etc. En 2022, la production d&rsquo;\u00e9lectricit\u00e9 \u00e9tait responsable d&rsquo;environ 40% des \u00e9missions mondiales de dioxyde de carbone, dont 73% proviennent des centrales au charbon et 23% des centrales au gaz.<\/p>\n\n\n\n<p>Cependant, 51% de la production mondiale d&rsquo;\u00e9lectricit\u00e9 de sources renouvelables provient des barrages hydro\u00e9lectriques et 4,7% des \u00e9oliennes. Les cellules photovolta\u00efques, les centrales mar\u00e9motrices, les centrales g\u00e9othermiques, sont \u00e9galement des modes de production renouvelables. Malgr\u00e9 qu&rsquo;elles ne produisent aucune \u00e9mission de CO<sub>2<\/sub> au moment de produire de l&rsquo;\u00e9nergie, elles ont tout de m\u00eame un impact sur l&rsquo;environnement:<\/p>\n\n\n\n<ul class=\"wp-block-list\">\n<li>Pour l&rsquo;hydro\u00e9lectricit\u00e9, cela cr\u00e9\u00e9 l&rsquo;ass\u00e8chement ou l&rsquo;inondation de diff\u00e9rentes zones dans un bassin versant;<\/li>\n\n\n\n<li>Pour l&rsquo;\u00e9nergie \u00e9olienne, on doit construire des parcs \u00e9oliens, ce qui cause des d\u00e9forestations;<\/li>\n\n\n\n<li>Pour la fabrication des panneaux photovolta\u00efques, on a besoin de transformer du minerai, donc d&rsquo;installer des mines et des usines de traitement de minerais. Cela provoque des gaz \u00e0 effet de serre, une grande utilisation d&rsquo;eau potable et de produits chimiques, ce qui affecte les nappes phr\u00e9atiques;<\/li>\n\n\n\n<li>Pour les centrales mar\u00e9motrices, elles modifient et fragmentent les \u00e9cosyst\u00e8mes tout autour de l&rsquo;installation.<\/li>\n<\/ul>\n\n\n<div class=\"wp-block-image\">\n<figure class=\"alignleft size-large is-resized\"><img loading=\"lazy\" decoding=\"async\" width=\"683\" height=\"1024\" src=\"https:\/\/media.pedagogiecsstl.ca\/wp-content\/uploads\/sites\/25\/2024\/04\/29183439\/pexels-shotbyrain-3010250-683x1024.jpg\" alt=\"\" class=\"wp-image-710\" style=\"width:352px;height:auto\" srcset=\"https:\/\/media.pedagogiecsstl.ca\/wp-content\/uploads\/sites\/25\/2024\/04\/29183439\/pexels-shotbyrain-3010250-683x1024.jpg 683w, https:\/\/media.pedagogiecsstl.ca\/wp-content\/uploads\/sites\/25\/2024\/04\/29183439\/pexels-shotbyrain-3010250-200x300.jpg 200w, https:\/\/media.pedagogiecsstl.ca\/wp-content\/uploads\/sites\/25\/2024\/04\/29183439\/pexels-shotbyrain-3010250-768x1152.jpg 768w, https:\/\/media.pedagogiecsstl.ca\/wp-content\/uploads\/sites\/25\/2024\/04\/29183439\/pexels-shotbyrain-3010250-1024x1536.jpg 1024w, https:\/\/media.pedagogiecsstl.ca\/wp-content\/uploads\/sites\/25\/2024\/04\/29183439\/pexels-shotbyrain-3010250-1365x2048.jpg 1365w, https:\/\/media.pedagogiecsstl.ca\/wp-content\/uploads\/sites\/25\/2024\/04\/29183439\/pexels-shotbyrain-3010250-scaled.jpg 1707w\" sizes=\"auto, (max-width: 683px) 100vw, 683px\" \/><\/figure>\n<\/div>\n\n\n<p>Toutes ces sources d&rsquo;\u00e9nergies renouvelables provoquent \u00e9galement, d&rsquo;une fa\u00e7on ou d&rsquo;une autre, une perte de la biodiversit\u00e9. Cr\u00e9er de l&rsquo;\u00e9lectricit\u00e9 sans avoir d&rsquo;impact sur l&rsquo;environnement est impossible. Les b\u00e2timents utilisent pr\u00e8s de 40% de l&rsquo;\u00e9nergie mondiale.<\/p>\n\n\n\n<p>Les changements climatiques sont aussi un probl\u00e8me dont on doit tenir compte et cela risque d&rsquo;affecter beaucoup les g\u00e9n\u00e9rations actuelles. On se rend tous compte que le climat plan\u00e9taire se d\u00e9grade. Les vagues de chaleur, les s\u00e9cheresses, les ouragans, les temp\u00eates et les inondations sont de plus en plus fr\u00e9quents. De 2000 \u00e0 2016, on observait une moyenne annuelle de 410 catastrophes naturelles sur la plan\u00e8te, tandis que de 1983 \u00e0 1999, il n&rsquo;y en avait que 256 par an. Plusieurs dommages sont maintenant irr\u00e9versibles.<\/p>\n\n\n\n<p><a href=\"https:\/\/www.pexels.com\/fr-fr\/photo\/eoliennes-sur-la-montagne-3010250\/\">Source<\/a><\/p>\n\n\n\n<h2 class=\"wp-block-heading\">Solution: Les maisons passives<\/h2>\n\n\n\n<p>Pour essayer de r\u00e9gler les probl\u00e8mes provenant de notre consommation d&rsquo;\u00e9lectricit\u00e9, Harold Orr, un ing\u00e9nieur visionnaire, a d\u00e9velopp\u00e9 les principes de bases des maisons passives en 1977, en Saskatchewan. Wolfgang Feist, pour sa part, a construit la premi\u00e8re maison passive dans les ann\u00e9es 80 \u00e0 Darmstadt, en Allemagne. La construction des maisons passives s&rsquo;est d&rsquo;ailleurs beaucoup d\u00e9velopp\u00e9e en Allemagne durant ces m\u00eames ann\u00e9es. C&rsquo;est pourquoi il est plus probable d&rsquo;en retrouver dans les pays europ\u00e9ens du Nord. Par contre, il est aussi possible d&rsquo;en trouver maintenant au Canada, au Qatar en l&rsquo;Australie et en Chine entre autres. Diff\u00e9rents objectifs sont li\u00e9s \u00e0 ce type de maisons, dont :<\/p>\n\n\n\n<ul class=\"wp-block-list\">\n<li>une consommation d&rsquo;\u00e9lectricit\u00e9 inf\u00e9rieure \u00e0 15kWh\/m<sup>2<\/sup>\/an, compar\u00e9e \u00e0 la consommation \u00e9lectrique d&rsquo;une maison traditionnelle qui est d&rsquo;environ 93,5 kWh\/m<sup>2<\/sup>\/ an si elle est bien isol\u00e9e;<\/li>\n\n\n\n<li>bien isoler pour une bonne conservation de la chaleur; <\/li>\n\n\n\n<li>la construction de maisons bioclimatique.<\/li>\n<\/ul>\n\n\n\n<p>Une maison bioclimatique est construite de fa\u00e7on \u00e0 prendre en compte le climat et l&rsquo;environnement, afin de r\u00e9duire les besoins en \u00e9nergie pour le chauffage, la climatisation et l&rsquo;\u00e9clairage. Elle permet aussi une meilleure qualit\u00e9 de l\u2019air ainsi qu\u2019un meilleur contr\u00f4le de la temp\u00e9rature \u00e0 l&rsquo;aide de dispositifs durables et simples \u00e0 utiliser. C&rsquo;est aussi pour cela que ces types de b\u00e2timents sont relativement silencieux. En plus d\u2019avoir un syst\u00e8me de chauffage et de refroidissement silencieux, la maison passive consomme jusqu&rsquo;\u00e0 90% moins d&rsquo;\u00e9nergie que les b\u00e2timents conventionnels.<\/p>\n\n\n\n<h2 class=\"wp-block-heading\">D\u00e9marche de construction<\/h2>\n\n\n\n<p>Pour qu\u2019une maison soit passive, elle doit prendre en compte le crit\u00e8re le plus important: le concept bioclimatique. Elle doit \u00eatre correctement orient\u00e9e et prendre en consid\u00e9ration les conditions climatiques, comme le soleil, le vent, etc. Les fen\u00eatres du c\u00f4t\u00e9 sud servent \u00e0 faire entrer le soleil et emmagasiner la chaleur pour chauffer les pi\u00e8ces principales. Par exemple, la cuisine, le salon et la salle \u00e0 manger. La lumi\u00e8re du soleil permet aussi d\u2019\u00e9clairer les pi\u00e8ces et d&rsquo;\u00e9conomiser l\u2019\u00e9lectricit\u00e9. L\u2019isolation joue un r\u00f4le tr\u00e8s important dans ce type de maison: poser les isolants sur les murs par l\u2019ext\u00e9rieur est l\u2019une des m\u00e9thodes les plus efficace. Les portes et les fen\u00eatres doivent \u00eatre minutieusement choisies afin que le b\u00e2timent soit bien \u00e9tanche et herm\u00e9tique.<\/p>\n\n\n\n<figure class=\"wp-block-image size-full is-resized\"><img loading=\"lazy\" decoding=\"async\" width=\"680\" height=\"590\" src=\"https:\/\/media.pedagogiecsstl.ca\/wp-content\/uploads\/sites\/25\/2024\/03\/22100750\/maison-passive.png\" alt=\"\" class=\"wp-image-636\" style=\"width:528px;height:auto\" srcset=\"https:\/\/media.pedagogiecsstl.ca\/wp-content\/uploads\/sites\/25\/2024\/03\/22100750\/maison-passive.png 680w, https:\/\/media.pedagogiecsstl.ca\/wp-content\/uploads\/sites\/25\/2024\/03\/22100750\/maison-passive-300x260.png 300w\" sizes=\"auto, (max-width: 680px) 100vw, 680px\" \/><\/figure>\n\n\n\n<p> <a href=\"https:\/\/commons.wikimedia.org\/wiki\/File:Puitprovencal-fr.svg\">Source<\/a><\/p>\n\n\n\n<p>Durant l\u2019\u00e9t\u00e9, on veut l&rsquo;inverse: refroidir la maison, donc emp\u00eacher le soleil d&rsquo;entrer. Comme le soleil se situe plus haut en \u00e9t\u00e9, on installe des auvents, qu&rsquo;on appelle des \u00ab\u00a0masques solaires\u00a0\u00bb, ce qui emp\u00eache la lumi\u00e8re d&rsquo;entrer dans les pi\u00e8ces. L&rsquo;installation de stores ou de volets joue aussi un r\u00f4le important. On utilise aussi la m\u00e9thode de la surventilation nocturne \u00e0 l\u2019aide de la VMC (Ventilation M\u00e9canique Contr\u00f4l\u00e9e) double flux. Elle fonctionne en \u00e9changeant la chaleur avec la nappe phr\u00e9atique. C\u2019est le m\u00eame principe que la g\u00e9othermie. Des tuyaux captent la fra\u00eecheur au fond d\u2019un puits pour ensuite la disperser \u00e0 travers la maison. Cependant, la climatisation reste \u00e0 pr\u00e9voir lors de grosses canicules, car ce type de ventilation n\u2019est pas assez puissant pour cela. On peut aussi ouvrir des fen\u00eatres durant la nuit, lorsqu\u2019il fait plus frais, mais il peut tout de m\u00eame faire chaud et humide malgr\u00e9 l\u2019absence du soleil.<\/p>\n\n\n\n<p>M\u00eame si une maison passive permet d&rsquo;\u00e9conomiser 20% annuellement sur la facture d&rsquo;\u00e9nergie, faire construire une maison de ce type correspond g\u00e9n\u00e9ralement \u00e0 un co\u00fbt de 20 \u00e0 30% sup\u00e9rieur aux co\u00fbts d&rsquo;une maison traditionnelle.<\/p>\n\n\n\n<p>Il existe aussi une autre solution pour ce type de maison. Il suffit seulement d\u2019y ajouter des panneaux solaires sur le toit, ce qui permet \u00e0 la maison de se chauffer uniquement \u00e0 l\u2019\u00e9nergie thermique produite par le soleil.<\/p>\n\n\n\n<p><a href=\"https:\/\/www.planete-energies.com\/fr\/media\/article\/production-delectricite-ses-emissions-co2#:~:text=Electricit%C3%A9%20et%20gaz%20%C3%A0%20effet,22%20%25%20des%20centrales%20%C3%A0%20gaz.\">Planete <\/a><a href=\"https:\/\/www.planete-energies.com\/fr\/media\/article\/production-delectricite-ses-emissions-co2#:~:text=Electricit%C3%A9%20et%20gaz%20%C3%A0%20effet,22%20%25%20des%20centrales%20%C3%A0%20gaz.\" target=\"_blank\" rel=\"noreferrer noopener\">energies<\/a><\/p>\n\n\n\n<p><a href=\"https:\/\/ici.radio-canada.ca\/nouvelle\/1831768\/canada-consommation-energie-aie-rapport-petrole-gaz-rechauffement\">Radio-Canada<\/a><\/p>\n\n\n\n<p><a href=\"https:\/\/fr.wikipedia.org\/wiki\/%C3%89nergie_hydro%C3%A9lectrique#:~:text=En%202022%2C%20la%20puissance%20install%C3%A9e,la%20production%20mondiale%20d'%C3%A9lectricit%C3%A9.\">Wikip\u00e9dia<\/a><\/p>\n\n\n\n<p><a href=\"https:\/\/www.notre-planete.info\/terre\/risques_naturels\/catastrophes_naturelles.php\">Catastrophes naturelles<\/a><\/p>\n\n\n\n<p><a href=\"https:\/\/transitionenergetique.gouv.qc.ca\/expertises\/statistiques-energetiques\/depenses-des-particuliers#:~:text=44%20%25%20de%20ces%20d%C3%A9penses%20%C3%A9taient,l'eau%2C%20etc.)%3B\">Gouvernement du Qu\u00e9bec<\/a><\/p>\n\n\n\n<p><a href=\"https:\/\/www.lamaisonpassive.fr\/le-reseau\/les-organisations-dans-le-monde\/\">La maison passive<\/a><\/p>\n\n\n\n<p><a href=\"https:\/\/www.passivehousecanada.com\/a-propos-de-maison-passive\/#:~:text=La%20norme%20internationale%20Maison%20Passive,maximal%20de%20120%20kWh%2Fm%C2%B2a.\">PassiveHouse Canada<\/a><\/p>\n\n\n\n<p><a href=\"https:\/\/particuliers.engie.fr\/electricite\/conseils-electricite\/conseils-tarifs-electricite\/consommation-electrique-moyenne-logement-par-superficie.html#:~:text=Pour%20calculer%20la%20consommation%20moyenne,650%20kWh%20(mauvaise%20isolation).\" target=\"_blank\" rel=\"noreferrer noopener\">Engie<\/a><\/p>\n\n\n\n<p><a href=\"https:\/\/www.maisons-mca.com\/constructeur-maison\/les-techniques-pour-rendre-une-maison-passive\/\">MCA (Maison de la C\u00f4te Atlantique)<\/a><\/p>\n\n\n\n<p><a href=\"https:\/\/www.ecohabitation.com\/guides\/2748\/maison-passive-attention-a-la-surchauffe\/\">\u00c9co habitation<\/a><\/p>\n\n\n\n<p><a href=\"https:\/\/www.monkitsolaire.fr\/blog\/maison-solaire-n379#:~:text=Le%20fonctionnement%20d'une%20maison,que%20par%20les%20appareils%20\u00e9lectriques.\" target=\"_blank\" rel=\"noreferrer noopener\">Monkitsolaire<\/a><\/p>\n","protected":false},"excerpt":{"rendered":"<p>Par Delphine Villeneuve et Myranda Lachance (2024) L&rsquo;\u00e9lectricit\u00e9! C&rsquo;est l&rsquo;une des plus grosses d\u00e9penses dans le budget de maison, on est d&rsquo;accord ? On essaie tous de r\u00e9duire notre consommation pour diminuer les factures. Mais tout ce que l&rsquo;on veut, c&rsquo;est d&rsquo;en avoir assez pour notre consommation et nos besoins personnels, sans trop d\u00e9penser. Les&hellip;<\/p>\n","protected":false},"author":36,"featured_media":0,"comment_status":"closed","ping_status":"","sticky":false,"template":"","format":"standard","meta":{"footnotes":""},"categories":[12],"tags":[168,91,150],"class_list":["post-267","post","type-post","status-publish","format-standard","hentry","category-allemagne","tag-economies-denergie","tag-maison-passive","tag-pollution-electrique"],"featured_image_src":null,"featured_image_src_square":null,"author_info":{"display_name":"eleve","author_link":"https:\/\/pedagogiecsstl.ca\/environnement\/author\/eleve\/"},"_links":{"self":[{"href":"https:\/\/pedagogiecsstl.ca\/environnement\/wp-json\/wp\/v2\/posts\/267","targetHints":{"allow":["GET"]}}],"collection":[{"href":"https:\/\/pedagogiecsstl.ca\/environnement\/wp-json\/wp\/v2\/posts"}],"about":[{"href":"https:\/\/pedagogiecsstl.ca\/environnement\/wp-json\/wp\/v2\/types\/post"}],"author":[{"embeddable":true,"href":"https:\/\/pedagogiecsstl.ca\/environnement\/wp-json\/wp\/v2\/users\/36"}],"replies":[{"embeddable":true,"href":"https:\/\/pedagogiecsstl.ca\/environnement\/wp-json\/wp\/v2\/comments?post=267"}],"version-history":[{"count":0,"href":"https:\/\/pedagogiecsstl.ca\/environnement\/wp-json\/wp\/v2\/posts\/267\/revisions"}],"wp:attachment":[{"href":"https:\/\/pedagogiecsstl.ca\/environnement\/wp-json\/wp\/v2\/media?parent=267"}],"wp:term":[{"taxonomy":"category","embeddable":true,"href":"https:\/\/pedagogiecsstl.ca\/environnement\/wp-json\/wp\/v2\/categories?post=267"},{"taxonomy":"post_tag","embeddable":true,"href":"https:\/\/pedagogiecsstl.ca\/environnement\/wp-json\/wp\/v2\/tags?post=267"}],"curies":[{"name":"wp","href":"https:\/\/api.w.org\/{rel}","templated":true}]}}